{"id":26,"date":"2017-12-11T17:40:40","date_gmt":"2017-12-11T16:40:40","guid":{"rendered":"http:\/\/antoinevieira-reiki.fr\/?p=26"},"modified":"2022-10-11T13:55:12","modified_gmt":"2022-10-11T11:55:12","slug":"antoine-vieira","status":"publish","type":"post","link":"http:\/\/antoinevieira-guerisseur.fr\/antoine-vieira\/2017\/12\/11\/antoine-vieira\/","title":{"rendered":"Antoine"},"content":{"rendered":"<p style=\"text-align: justify;\"><span style=\"font-size: 12pt; font-family: trebuchet ms, geneva, sans-serif;\">Passionn\u00e9 et attir\u00e9 depuis mon enfance par les m\u00e9thodes parall\u00e8les de gu\u00e9rison, un don de naissance me poussait d\u00e9j\u00e0 tout petit \u00e0 apposer mes mains sur les personnes et les animaux malades dans mon entourage. <\/span><\/p>\n<p style=\"text-align: justify;\"><span style=\"font-size: 12pt; font-family: trebuchet ms, geneva, sans-serif;\">Je d\u00e9vorais les livres traitants des enseignements et des techniques parall\u00e8les. <\/span><\/p>\n<p style=\"text-align: justify;\"><span style=\"font-size: 12pt; font-family: trebuchet ms, geneva, sans-serif;\">Bien plus tard, suite \u00e0 un soin chez un th\u00e9rapeute \u00e0 l\u2019\u00e9tranger en 2002, j\u2019ai d\u00e9couvert diff\u00e9rentes m\u00e9thodes et notamment le Reiki, qui m\u2019a ouvert des portes. <\/span><\/p>\n<p style=\"text-align: justify;\"><span style=\"font-size: 12pt; font-family: trebuchet ms, geneva, sans-serif;\">Boulevers\u00e9 par des visions extraordinaires, j\u2019ai \u00e9t\u00e9 pouss\u00e9 \u00e0 me former \u00e0 cette m\u00e9thode jusqu\u2019au niveau 4, que je perfectionne depuis 15 ans.<\/span><\/p>\n<p style=\"text-align: justify;\"><span style=\"font-size: 12pt; font-family: trebuchet ms, geneva, sans-serif;\">Aussi, j\u2019ai \u00e9t\u00e9 form\u00e9 \u00e0 la \u00ab\u00a0M\u00e9thode \u00c9nergie\u00a0\u00bb qui comprend la Quantum Touch (toucher quantique, r\u00e9alignement du squelette par apposition des mains), au Magn\u00e9tisme, et \u00e0 la R\u00e9flexologie \u00c9nerg\u00e9tique, qui consiste \u00e0 la recherche des blocages et traumatismes physiques et \u00e9nerg\u00e9tiques datant de cette vie-ci et des vies ant\u00e9rieures, gr\u00e2ce \u00e0 un travail sur l\u2019Aura, sur les m\u00e9ridiens, les chakras et sur les corps visibles et invisibles.<\/span><\/p>\n<p style=\"text-align: justify;\"><span style=\"font-family: trebuchet ms, geneva, sans-serif; font-size: 12pt;\"><a name=\"_GoBack\"><\/a>Je pratique \u00e9galement le Magn\u00e9tisme traditionnel par imposition des mains, et les techniques anciennes des Gu\u00e9risseurs (br\u00fblures, zona, ecz\u00e9ma, verrues etc.). <\/span><\/p>\n<p style=\"text-align: justify;\"><span style=\"font-size: 12pt;\"><span style=\"font-family: trebuchet ms, geneva, sans-serif;\">Chaque personne se pr\u00e9sentant \u00e0 mon cabinet re\u00e7oit une \u00e9coute compl\u00e8te de ses probl\u00e9matiques et une s\u00e9ance adapt\u00e9e \u00e0 ses besoins sp\u00e9cifiques, avec un protocole diff\u00e9rent. Gr\u00e2ce \u00e0 l\u2019ensemble de ces techniques, aux d\u00e9blocages et \u00e0 la recirculation homog\u00e8ne de l\u2019\u00e9nergie vitale dans le corps, les ressentis de chacun sont diff\u00e9rents. Les sensations peuvent perdurer parfois jusqu\u2019\u00e0 une semaine apr\u00e8s la s\u00e9ance.<\/span> <\/span><\/p>\n","protected":false},"excerpt":{"rendered":"<p>Passionn\u00e9 et attir\u00e9 depuis mon enfance par les m\u00e9thodes parall\u00e8les de gu\u00e9rison, un don de naissance me poussait d\u00e9j\u00e0 tout petit \u00e0 apposer mes mains sur les personnes et les animaux malades dans mon entourage.[&#8230;]<\/p>\n","protected":false},"author":1,"featured_media":165,"comment_status":"closed","ping_status":"closed","sticky":false,"template":"","format":"standard","meta":[],"categories":[1],"tags":[],"_links":{"self":[{"href":"http:\/\/antoinevieira-guerisseur.fr\/antoine-vieira\/wp-json\/wp\/v2\/posts\/26"}],"collection":[{"href":"http:\/\/antoinevieira-guerisseur.fr\/antoine-vieira\/wp-json\/wp\/v2\/posts"}],"about":[{"href":"http:\/\/antoinevieira-guerisseur.fr\/antoine-vieira\/wp-json\/wp\/v2\/types\/post"}],"author":[{"embeddable":true,"href":"http:\/\/antoinevieira-guerisseur.fr\/antoine-vieira\/wp-json\/wp\/v2\/users\/1"}],"replies":[{"embeddable":true,"href":"http:\/\/antoinevieira-guerisseur.fr\/antoine-vieira\/wp-json\/wp\/v2\/comments?post=26"}],"version-history":[{"count":7,"href":"http:\/\/antoinevieira-guerisseur.fr\/antoine-vieira\/wp-json\/wp\/v2\/posts\/26\/revisions"}],"predecessor-version":[{"id":168,"href":"http:\/\/antoinevieira-guerisseur.fr\/antoine-vieira\/wp-json\/wp\/v2\/posts\/26\/revisions\/168"}],"wp:featuredmedia":[{"embeddable":true,"href":"http:\/\/antoinevieira-guerisseur.fr\/antoine-vieira\/wp-json\/wp\/v2\/media\/165"}],"wp:attachment":[{"href":"http:\/\/antoinevieira-guerisseur.fr\/antoine-vieira\/wp-json\/wp\/v2\/media?parent=26"}],"wp:term":[{"taxonomy":"category","embeddable":true,"href":"http:\/\/antoinevieira-guerisseur.fr\/antoine-vieira\/wp-json\/wp\/v2\/categories?post=26"},{"taxonomy":"post_tag","embeddable":true,"href":"http:\/\/antoinevieira-guerisseur.fr\/antoine-vieira\/wp-json\/wp\/v2\/tags?post=26"}],"curies":[{"name":"wp","href":"https:\/\/api.w.org\/{rel}","templated":true}]}}